[{"@context":"https:\/\/schema.org\/","@type":"Article","@id":"https:\/\/www.nyon.cz\/pleteme-z-pedigu\/#Article","mainEntityOfPage":"https:\/\/www.nyon.cz\/pleteme-z-pedigu\/","headline":"Pleteme z pedigu","name":"Pleteme z pedigu","description":"Jestli si n\u011bkdo jen na chv\u00edli pomyslel, \u017ee budeme pl\u00e9st n\u011bco z vlny, tak je na omylu. Pl\u00e9st sice budeme,...","datePublished":"2018-08-06","dateModified":"2023-05-01","author":{"@type":"Person","@id":"https:\/\/www.nyon.cz\/author\/#Person","name":"","url":"https:\/\/www.nyon.cz\/author\/","identifier":1,"image":{"@type":"ImageObject","@id":"https:\/\/secure.gravatar.com\/avatar\/69bd9b72104e3ccfb6214cbd23cb226f96c6ecf33a2a351fa1d4682235118df3?s=96&d=mm&r=g","url":"https:\/\/secure.gravatar.com\/avatar\/69bd9b72104e3ccfb6214cbd23cb226f96c6ecf33a2a351fa1d4682235118df3?s=96&d=mm&r=g","height":96,"width":96}},"publisher":{"@type":"Organization","name":"nyon.cz","logo":{"@type":"ImageObject","@id":"\/logo.png","url":"\/logo.png","width":600,"height":60}},"image":{"@type":"ImageObject","@id":"https:\/\/www.nyon.cz\/wp-content\/uploads\/img_a322604_w2664_t1534276762.jpg","url":"https:\/\/www.nyon.cz\/wp-content\/uploads\/img_a322604_w2664_t1534276762.jpg","height":0,"width":0},"url":"https:\/\/www.nyon.cz\/pleteme-z-pedigu\/","about":["V\u00fdrobky"],"wordCount":471,"articleBody":"Jestli si n\u011bkdo jen na chv\u00edli pomyslel, \u017ee budeme pl\u00e9st n\u011bco z vlny, tak je na omylu. Pl\u00e9st sice budeme, ale \u00fapln\u011b n\u011bco jin\u00e9ho, ne\u017e je vln\u011bn\u00fd dopln\u011bk a tak\u00e9 z jin\u00e9ho materi\u00e1lu. \u010cek\u00e1 na n\u00e1s toti\u017e spoustu proutk\u016f. Nejen p\u0159irozen\u00e9 p\u0159\u00edrodn\u00ed barvy, ale i mnoho barevn\u00fdch odst\u00edn\u016f. Pedig je toti\u017e \u010dist\u011b p\u0159\u00edrodn\u00ed materi\u00e1l. Jedn\u00e1 se o vnit\u0159n\u00ed \u010d\u00e1st li\u00e1ny ratanu, kter\u00e1 je pak d\u00e1le zpracov\u00e1na do r\u016fzn\u00fdch pr\u016fm\u011br\u016f a d\u00e9lek. Ratanov\u00e9 prout\u00ed se d\u00e1 b\u011b\u017en\u011b zakoupit v hoby obch\u016fdc\u00edch a pracuje se s n\u00edm daleko l\u00e9pe, ne\u017e s klasick\u00fdm prout\u00edm, jak jsme v\u00edd\u00e1vali u na\u0161ich p\u0159edk\u016f. D\u00e1 se i p\u011bkn\u011b barvit nebo je tak\u00e9 mo\u017enost si barevn\u00e9 proutky rovnou zakoupit. Na pleten\u00ed nepot\u0159ebujeme \u017e\u00e1dn\u00fd velk\u00fd prostor a ve fin\u00e1ln\u00ed podob\u011b m\u00e1me velmi p\u011bkn\u00fd ko\u0161\u00ed\u010dek, t\u00e1c nebo zkr\u00e1tka jinou dekoraci. P\u0159\u00edprava na pleten\u00ed Samotn\u00e1 p\u0159\u00edprava nen\u00ed nijak zdlouhav\u00e1, co\u017e dokazuje , ov\u0161em je nezbytn\u011b nutn\u00e1, aby se proutky zbyte\u010dn\u011b nel\u00e1maly. K jejich pru\u017enosti n\u00e1m pom\u016f\u017ee voda a pak u\u017e jen \u0161ikovn\u00e9 ruce. V\u00fdborn\u011b se pak daj\u00ed kombinovat i s jin\u00fdm materi\u00e1lem jako jsou stu\u017eky, \u0161\u0148\u016frky, kuku\u0159i\u010dn\u00e9 prov\u00e1zky, kv\u011bty a dal\u0161\u00ed dekorativn\u00ed materi\u00e1ly. Za\u010d\u00e1te\u010dn\u00edk\u016fm se doporu\u010duje, aby zpo\u010d\u00e1tku pletli na n\u011bjak\u00e9m dostupn\u00e9m materi\u00e1lu, kter\u00fd je b\u011b\u017en\u011b pot\u0159ebn\u00fd v kuchyni, jako je nap\u0159\u00edklad miska, kv\u016fli udr\u017een\u00ed tvaru p\u0159i p\u0159ehazov\u00e1n\u00ed a tvarov\u00e1n\u00ed. Pl\u00e9st se d\u00e1 pak i na pap\u00edrov\u00e9 krabici nebo nafukovac\u00edm bal\u00f3nku. Z\u00e1le\u017e\u00ed na tom, co se bude d\u011blat za z\u00e1kladn\u00ed tvar, zdali kruh, ov\u00e1l nebo obd\u00e9ln\u00edk atd. Doporu\u010den\u00ed Pl\u00e9st a tvo\u0159it nen\u00ed tak slo\u017eit\u00e9, kdy\u017e existuje n\u011bjak\u00e1 p\u0159edstava. Pokud si nejsme jisti, tak si m\u016f\u017eeme n\u00e1\u0161 v\u00fdrobek navrhnout na pap\u00edr a tak\u00e9 propojit r\u016fznou barevnou kombinac\u00ed. Na dno se v\u011bt\u0161inou pou\u017eije p\u0159ekli\u017eka. Jen je lep\u0161\u00ed si vymezit dostatek \u010dasu, abychom jeden v\u00fdrobek dokon\u010dili v jeden den. Ne \u017ee by to ne\u0161lo i druh\u00fd den, ale sp\u00ed\u0161 je probl\u00e9m v tom, \u017ee se pracuje s vlhk\u00fdm materi\u00e1lem. Kdy\u017e budeme pokra\u010dovat n\u00e1sleduj\u00edc\u00ed den, tak to mus\u00edme znovu namo\u010dit a t\u00edm samoz\u0159ejm\u011b m\u016f\u017ee p\u0159ekli\u017eka snadno nas\u00e1knout vodou a zkroutit se, co\u017e by nebylo p\u0159\u00edjemn\u00e9. Na druhou stranu se daj\u00ed tvo\u0159it i mal\u00e9 a praktick\u00e9 d\u00e1re\u010dky.                                                                                                                                                                                                                                                                                                                                                                                        3.8\/5 - (9 votes)        "},{"@context":"https:\/\/schema.org\/","@type":"BreadcrumbList","itemListElement":[{"@type":"ListItem","position":1,"name":"Pleteme z pedigu","item":"https:\/\/www.nyon.cz\/pleteme-z-pedigu\/#breadcrumbitem"}]}]