[{"@context":"https:\/\/schema.org\/","@type":"Article","@id":"https:\/\/www.nyon.cz\/neni-recese-jako-recese\/#Article","mainEntityOfPage":"https:\/\/www.nyon.cz\/neni-recese-jako-recese\/","headline":"Nen\u00ed recese jako recese","name":"Nen\u00ed recese jako recese","description":"Kdy\u017e je n\u011bkdo srandista a p\u0159iprav\u00ed pro ostatn\u00ed n\u011bjakou tu recesi, obvykle se tomu v\u0161ichni zasm\u011bj\u00ed. Proto\u017ee recese tu od...","datePublished":"2020-10-20","dateModified":"2023-05-01","author":{"@type":"Person","@id":"https:\/\/www.nyon.cz\/author\/#Person","name":"","url":"https:\/\/www.nyon.cz\/author\/","identifier":1,"image":{"@type":"ImageObject","@id":"https:\/\/secure.gravatar.com\/avatar\/69bd9b72104e3ccfb6214cbd23cb226f96c6ecf33a2a351fa1d4682235118df3?s=96&d=mm&r=g","url":"https:\/\/secure.gravatar.com\/avatar\/69bd9b72104e3ccfb6214cbd23cb226f96c6ecf33a2a351fa1d4682235118df3?s=96&d=mm&r=g","height":96,"width":96}},"publisher":{"@type":"Organization","name":"nyon.cz","logo":{"@type":"ImageObject","@id":"\/logo.png","url":"\/logo.png","width":600,"height":60}},"image":{"@type":"ImageObject","@id":"https:\/\/www.nyon.cz\/wp-content\/uploads\/ekonomick%C3%A1%20kol%C3%A1%C5%BE.jpg","url":"https:\/\/www.nyon.cz\/wp-content\/uploads\/ekonomick%C3%A1%20kol%C3%A1%C5%BE.jpg","height":0,"width":0},"url":"https:\/\/www.nyon.cz\/neni-recese-jako-recese\/","about":["Slu\u017eby"],"wordCount":413,"articleBody":"        Kdy\u017e je n\u011bkdo srandista a p\u0159iprav\u00ed pro ostatn\u00ed n\u011bjakou tu recesi, obvykle se tomu v\u0161ichni zasm\u011bj\u00ed. Proto\u017ee recese tu od toho je. I kdy\u017e logicky jenom ur\u010dit\u00e1 recese. Pokud se toti\u017e bav\u00edme o recesi v ekonomick\u00e9m smyslu slova, \u017e\u00e1dn\u00e1 legrace to nen\u00ed, zde jdou naopak \u010dasto \u017eerty stranou.Co se toti\u017e t\u00fdk\u00e1 recese ekonomiky Moneyworld, znamen\u00e1 tato citeln\u00fd pokles toho, co se s hospod\u00e1\u0159stv\u00edm poj\u00ed, a tato dol\u00e9h\u00e1 na mnoh\u00e9, a to nep\u0159\u00edjemn\u011b. Proto\u017ee tato ovliv\u0148uje ekonomickou situaci, a jakmile lidem s\u00e1hne n\u011bkdo na pen\u00edze, je\u017e jsou jak zn\u00e1mo a\u017e na prvn\u00edm m\u00edst\u011b, je zle.K recesi doch\u00e1z\u00ed z nejr\u016fzn\u011bj\u0161\u00edch p\u0159\u00ed\u010din, ale tato m\u00e1 v\u017edy obdobn\u00e9 dopady. Sni\u017euje se zam\u011bstnanost, klesaj\u00ed p\u0159\u00edjmy lid\u00ed a t\u00edm i jejich koup\u011bschopnost, roste nervozita, p\u0159ib\u00fdv\u00e1 depres\u00ed i ryz\u00edho zoufalstv\u00ed t\u011bch, kdo v nastal\u00e9 situaci nedok\u00e1\u017eou obst\u00e1t. Nevede se tomu, nevede se onomu, nejedna oblast ekonomiky kles\u00e1 \u010di vysloven\u011b krachuje, m\u011bna sl\u00e1bne, investice nevyn\u00e1\u0161ej\u00ed\u2026 Prost\u011b a\u0165 se na to pod\u00edv\u00e1me, jak chceme, nen\u00ed podobn\u00e1 recese ni\u010d\u00edm, o\u010d by bylo mo\u017en\u00e9 st\u00e1t. Ale p\u0159esto se j\u00ed nelze nikdy vyhnout.Soudruzi n\u00e1m to kdysi vysv\u011btlovali docela jednodu\u0161e. \u017de je \u010dlov\u011bk vyko\u0159is\u0165ov\u00e1n \u010dlov\u011bkem, bur\u017eoazie tyje z pr\u00e1ce od\u00edran\u00e9ho proletari\u00e1tu a hromad\u00ed pen\u00edze, co\u017e vede k tomu, \u017ee nen\u00ed za co prodat zbo\u017e\u00ed, toho je tak na trhu nadbytek, tak\u017ee se nemus\u00ed vyr\u00e1b\u011bt dal\u0161\u00ed a pracuj\u00edc\u00ed kon\u010d\u00ed na ulici a takov\u00e1 recese je tedy ni\u010d\u00ed.Dnes u\u017e v\u00edme, \u017ee tomu a\u017e tak docela nen\u00ed jenom tak. \u017de jsou tu i jin\u00e9 vlivy, je\u017e ekonomiku dov\u00e1d\u011bj\u00ed a\u017e do stagnov\u00e1n\u00ed, do recese. \u017de m\u016f\u017ee podobn\u00e9 pot\u00ed\u017ee zp\u016fsobovat leccos, t\u0159eba i jenom docela miniaturn\u00ed koronavirus. \u017de se m\u016f\u017ee pokazit ledacos, a to klidn\u011b i s nedoz\u00edrn\u00fdmi n\u00e1sledky.S n\u00e1sledky, je\u017e poci\u0165ujeme t\u0159eba i nyn\u00ed, kdy se n\u00e1m po letech \u00fadajn\u00e9 hojnosti p\u0159est\u00e1v\u00e1 da\u0159it a mnoz\u00ed z na\u0161inc\u016f u\u017e dokonce nev\u011bd\u00ed, kudy kam. Nen\u00ed pr\u00e1ce, nejsou pen\u00edze, je st\u00e1le dr\u00e1\u017e\u2026 Prost\u011b je to b\u00edda. Neboli recese, je\u017e nen\u00ed ani trochu k sm\u00edchu.                                                                                                                                                                                                                                                                                                                                                                                          4\/5 - (9 votes)        "},{"@context":"https:\/\/schema.org\/","@type":"BreadcrumbList","itemListElement":[{"@type":"ListItem","position":1,"name":"Nen\u00ed recese jako recese","item":"https:\/\/www.nyon.cz\/neni-recese-jako-recese\/#breadcrumbitem"}]}]