[{"@context":"https:\/\/schema.org\/","@type":"Article","@id":"https:\/\/www.nyon.cz\/facebook-zavadi-umelou-inteligenci-ta-ma-zamezit-sebevrazdam\/#Article","mainEntityOfPage":"https:\/\/www.nyon.cz\/facebook-zavadi-umelou-inteligenci-ta-ma-zamezit-sebevrazdam\/","headline":"Facebook zav\u00e1d\u00ed um\u011blou inteligenci, ta m\u00e1 zamezit sebevra\u017ed\u00e1m","name":"Facebook zav\u00e1d\u00ed um\u011blou inteligenci, ta m\u00e1 zamezit sebevra\u017ed\u00e1m","description":"Nejroz\u0161\u00ed\u0159en\u011bj\u0161\u00ed soci\u00e1ln\u00ed s\u00ed\u0165 Facebook ka\u017ed\u00fdm dnem st\u00e1le nar\u016fst\u00e1 a v t\u011bchto dnech ho aktivn\u011b vyu\u017e\u00edv\u00e1 p\u0159es dv\u011b miliardy u\u017eivatel\u016f. Nikdo...","datePublished":"2025-07-18","dateModified":"2025-07-18","author":{"@type":"Person","@id":"https:\/\/www.nyon.cz\/author\/#Person","name":"","url":"https:\/\/www.nyon.cz\/author\/","identifier":1,"image":{"@type":"ImageObject","@id":"https:\/\/secure.gravatar.com\/avatar\/69bd9b72104e3ccfb6214cbd23cb226f96c6ecf33a2a351fa1d4682235118df3?s=96&d=mm&r=g","url":"https:\/\/secure.gravatar.com\/avatar\/69bd9b72104e3ccfb6214cbd23cb226f96c6ecf33a2a351fa1d4682235118df3?s=96&d=mm&r=g","height":96,"width":96}},"publisher":{"@type":"Organization","name":"nyon.cz","logo":{"@type":"ImageObject","@id":"\/logo.png","url":"\/logo.png","width":600,"height":60}},"image":{"@type":"ImageObject","@id":"https:\/\/www.nyon.cz\/wp-content\/uploads\/img_a302857_w2137_t1512818273.jpg","url":"https:\/\/www.nyon.cz\/wp-content\/uploads\/img_a302857_w2137_t1512818273.jpg","height":0,"width":0},"url":"https:\/\/www.nyon.cz\/facebook-zavadi-umelou-inteligenci-ta-ma-zamezit-sebevrazdam\/","wordCount":509,"articleBody":"Nejroz\u0161\u00ed\u0159en\u011bj\u0161\u00ed soci\u00e1ln\u00ed s\u00ed\u0165 Facebook ka\u017ed\u00fdm dnem st\u00e1le nar\u016fst\u00e1 a v t\u011bchto dnech ho aktivn\u011b vyu\u017e\u00edv\u00e1 p\u0159es dv\u011b miliardy u\u017eivatel\u016f. Nikdo tak nepochybuje, \u017ee se sou\u010dasn\u011b jedn\u00e1 o nejv\u011bt\u0161\u00ed datab\u00e1zi informac\u00ed na sv\u011bt\u011b. Nen\u00ed tak\u00e9 tajemstv\u00edm, \u017ee i p\u0159i policejn\u00edm vy\u0161et\u0159ov\u00e1n\u00ed je Facebook vyu\u017e\u00edv\u00e1n pro z\u00edsk\u00e1n\u00ed podstatn\u00fdch informac\u00ed o doty\u010dn\u00e9 osob\u011b. Tam toti\u017e lze mimo jin\u00e9 nal\u00e9zt i informaci o tom, pro\u010d se n\u011bkdo chce pokusit o sebevra\u017edu. Doty\u010dn\u00e1 osoba to jednodu\u0161e sd\u00edl\u00ed se sv\u011btem.   Jak to funguje? Auto\u0159i Facebooku v tomto sm\u011bru pokro\u010dili d\u00e1le, a cht\u011bj\u00ed takov\u00fdmto ne\u0161\u0165astn\u00fdm ud\u00e1lostem, pokud mo\u017eno, p\u0159edch\u00e1zet. Za\u010dali k tomu vyu\u017e\u00edvat um\u011blou inteligenci, kter\u00e1 m\u00e1 zjistit, zda n\u011bkdo o sebevra\u017ed\u011b, t\u0159eba jen trochu, neuva\u017euje. Ji\u017e v minulosti byly zavedeny mechanismy, skrze kter\u00e9 lze ozna\u010dit n\u011bkoho, kdo p\u0159em\u00fd\u0161l\u00ed podobn\u00fdm sm\u011brem. Nyn\u00ed v\u0161ak nov\u00e1 funkce odhal\u00ed takov\u00e9 uva\u017eov\u00e1n\u00ed je\u0161t\u011b p\u0159ed t\u00edm, ne\u017e to n\u011bkdo s\u00e1m nahl\u00e1s\u00ed. Slu\u017eba skenuje r\u016fzn\u00e9 p\u0159\u00edsp\u011bvky, spole\u010dn\u011b s videi a \u017eiv\u00fdmi p\u0159enosy, technikou zvanou Vzorcov\u00e9 rozpozn\u00e1v\u00e1n\u00ed. Nap\u0159\u00edklad, u\u017e koment\u00e1\u0159 od kamar\u00e1da: \u201eJsi v pohod\u011b?\u201c, je za\u0159azen do u\u017e\u0161\u00edho v\u00fdb\u011bru. Neznamen\u00e1 to v\u0161ak, \u017ee adres\u00e1t zpr\u00e1vy je hned sebevrah, ale inteligentn\u00ed rozpozn\u00e1v\u00e1n\u00ed m\u016f\u017ee tuto konverzaci sledovat pozorn\u011bji. Podle dal\u0161\u00edho chov\u00e1n\u00ed se pak sna\u017e\u00ed poznat, zda jde o probl\u00e9m, \u010di nikoliv. P\u0159i odhalen\u00ed sebevra\u017eedn\u00e9ho, \u010di podobn\u00e9ho sm\u00fd\u0161len\u00ed, dojde k ozna\u010den\u00ed zpr\u00e1vy skrze ji\u017e zaveden\u00fd mechanismus, na jeho\u017e konci je \u010dlov\u011bk, kter\u00fd ihned kontaktuje p\u0159\u00edslu\u0161n\u00e9 org\u00e1ny. Prozat\u00edm mimo EU Tento syst\u00e9m byl ji\u017e s velk\u00fdm p\u0159ijet\u00edm testov\u00e1n v Americe a postupn\u011b se zp\u0159\u00edstup\u0148uje i v dal\u0161\u00edch zem\u00edch. Nen\u00ed v\u0161ak jasn\u00e9, pro\u010d Facebook tuto funkci prozat\u00edm nepl\u00e1nuje zav\u00e1d\u011bt i ve st\u00e1tech Evropsk\u00e9 Unie. \u017d\u00e1dn\u00e9 ofici\u00e1ln\u00ed stanovisko nebylo k t\u00e9to z\u00e1le\u017eitosti vyd\u00e1no.  Je t\u0159eba se b\u00e1t o soukrom\u00ed? Podle tv\u016frc\u016f nejde o \u017e\u00e1dn\u00fd z\u00e1sah do soukrom\u00ed. Nen\u00ed pot\u0159eba se ob\u00e1vat, \u017ee n\u011bkdo bude c\u00edlen\u011b proch\u00e1zet kup\u0159\u00edkladu n\u011bjakou konkr\u00e9tn\u00ed konverzaci. I kdy\u017e i tohle by teoreticky bylo mo\u017en\u00e9. Facebook si v\u0161ak zakl\u00e1d\u00e1 na tom, \u017ee takov\u00e9to informace zve\u0159ejn\u00ed jen v opravdu opodstatn\u011bn\u00fdch \u017e\u00e1dostech, jako nap\u0159\u00edklad p\u0159i vy\u0161et\u0159ov\u00e1n\u00ed trestn\u00e9 \u010dinnosti, jak u\u017e bylo zm\u00edn\u011bno v \u00favodu \u010dl\u00e1nku. Pouze samotn\u00e1 um\u011bl\u00e1 inteligence, vyu\u017e\u00edv\u00e1na v t\u00e9to nov\u00e9 funkci, se c\u00edlen\u011b zam\u011b\u0159uje na nejr\u016fzn\u011bj\u0161\u00ed p\u0159\u00edsp\u011bvky, konverzace \u010di videa.                                                                                                                                                                                                                                                                                                                                                                                         3.5\/5 - (6 votes)        "},{"@context":"https:\/\/schema.org\/","@type":"BreadcrumbList","itemListElement":[{"@type":"ListItem","position":1,"name":"Facebook zav\u00e1d\u00ed um\u011blou inteligenci, ta m\u00e1 zamezit sebevra\u017ed\u00e1m","item":"https:\/\/www.nyon.cz\/facebook-zavadi-umelou-inteligenci-ta-ma-zamezit-sebevrazdam\/#breadcrumbitem"}]}]