[{"@context":"https:\/\/schema.org\/","@type":"Article","@id":"https:\/\/www.nyon.cz\/dnes-je-nam-svet-otevreny\/#Article","mainEntityOfPage":"https:\/\/www.nyon.cz\/dnes-je-nam-svet-otevreny\/","headline":"Dnes je n\u00e1m sv\u011bt otev\u0159en\u00fd","name":"Dnes je n\u00e1m sv\u011bt otev\u0159en\u00fd","description":"Kdybych za dob socialismu prohl\u00e1sil, \u017ee se chci odst\u011bhovat n\u011bkam do ciziny, vzbudil bych t\u00edm u sv\u00fdm bl\u00edzk\u00fdch p\u0159\u00e1tel obdiv....","datePublished":"2025-10-04","dateModified":"2025-10-04","author":{"@type":"Person","@id":"https:\/\/www.nyon.cz\/author\/#Person","name":"","url":"https:\/\/www.nyon.cz\/author\/","identifier":1,"image":{"@type":"ImageObject","@id":"https:\/\/secure.gravatar.com\/avatar\/69bd9b72104e3ccfb6214cbd23cb226f96c6ecf33a2a351fa1d4682235118df3?s=96&d=mm&r=g","url":"https:\/\/secure.gravatar.com\/avatar\/69bd9b72104e3ccfb6214cbd23cb226f96c6ecf33a2a351fa1d4682235118df3?s=96&d=mm&r=g","height":96,"width":96}},"publisher":{"@type":"Organization","name":"nyon.cz","logo":{"@type":"ImageObject","@id":"\/logo.png","url":"\/logo.png","width":600,"height":60}},"image":{"@type":"ImageObject","@id":"https:\/\/www.nyon.cz\/wp-content\/uploads\/sssssssssssssss_3.png","url":"https:\/\/www.nyon.cz\/wp-content\/uploads\/sssssssssssssss_3.png","height":0,"width":0},"url":"https:\/\/www.nyon.cz\/dnes-je-nam-svet-otevreny\/","about":["Slu\u017eby"],"wordCount":420,"articleBody":"         Kdybych za dob socialismu prohl\u00e1sil, \u017ee se chci odst\u011bhovat n\u011bkam do ciziny, vzbudil bych t\u00edm u sv\u00fdm bl\u00edzk\u00fdch p\u0159\u00e1tel obdiv. https:\/\/www.csfd.cz\/film\/242229-obdiv\/prehled\/  A to navzdory tomu, \u017ee bych se nakonec z\u0159ejm\u011b do \u017e\u00e1dn\u00e9 ciziny neodst\u011bhoval. A z\u00e1jem bych t\u00edm vzbudil pochopiteln\u011b nejen u sv\u00fdch p\u0159\u00e1tel, ale dost mo\u017en\u00e1 i u udava\u010d\u016f nebo st\u00e1tn\u00edch org\u00e1n\u016f, kter\u00e9 by se pak postaraly p\u0159inejmen\u0161\u00edm o to, abych se nedostal do t\u00e9 vyvinut\u011bj\u0161\u00ed, kapitalistick\u00e9 \u010d\u00e1sti sv\u011bta, do kter\u00e9 by tehdy bylo snem se odst\u011bhovat. Tehdy jsem prost\u011b stejn\u011b jako v\u011bt\u0161ina na\u0161inc\u016f musel zapomenout na to, \u017ee bych si sbalil sv\u00fdch p\u011bt \u0161vestek a odst\u011bhoval se n\u011bkam do zahrani\u010d\u00ed.Ale to, co bylo tehdy, je u\u017e d\u00e1vnou minulost\u00ed. Dnes u\u017e se m\u016f\u017eeme my \u010ce\u0161i st\u011bhovat do ciziny docela snadno. N\u00e1\u0161 st\u00e1t n\u00e1m v tom v \u017e\u00e1dn\u00e9m p\u0159\u00edpad\u011b nebr\u00e1n\u00ed, a pokud nejsou proti ani zem\u011b, do kter\u00fdch m\u00e1me nam\u00ed\u0159eno, nen\u00ed nezbytn\u00e9 setrv\u00e1vat proti sv\u00e9 v\u016fli u n\u00e1s v \u010cesku. Dnes u\u017e prost\u011b m\u016f\u017eeme vz\u00edt v\u0161echen sv\u016fj majetek a odst\u011bhovat se s n\u00edm n\u011bkam jinam. A jedin\u00fdm probl\u00e9mem, kter\u00fd by tu mohl nastat, je skute\u010dnost, \u017ee to v r\u016fzn\u00fdch zem\u00edch chod\u00ed r\u016fzn\u011b, a proto by se n\u00e1m mohly b\u011bhem st\u011bhov\u00e1n\u00ed st\u00e1t nejr\u016fzn\u011bj\u0161\u00ed komplikace, o kter\u00e9 samoz\u0159ejm\u011b nikdo nestoj\u00ed. A kdy\u017e se tedy chceme odst\u011bhovat do ciziny, m\u011bli bychom si rad\u011bji nechat pomoci od n\u011bjak\u00e9 firmy, kter\u00e1 m\u00e1 v tomto ohledu bohat\u00e9 zku\u0161enosti a dok\u00e1\u017ee n\u00e1m tedy prok\u00e1zat u\u017eite\u010dn\u00e9 slu\u017eby. Kdy\u017e nech\u00e1me profesion\u00e1ly, aby n\u00e1m s takov\u00fdm st\u011bhov\u00e1n\u00edm pomohli, m\u00e1me r\u00e1zem o starost m\u00ed\u0148. A proto\u017ee se vy\u017eaduje za odborn\u00e9 st\u011bhov\u00e1n\u00ed do zahrani\u010d\u00ed cena zahranicnistehovani.cz velmi p\u0159\u00edzniv\u00e1, ud\u011bl\u00e1me jedin\u011b dob\u0159e, kdy\u017e se pro vyu\u017eit\u00ed odborn\u00e9 pomoci rozhodneme. D\u00edky tomu se toti\u017e daleko sn\u00e1ze odst\u011bhujeme do nejedn\u00e9 ze zem\u00ed, kter\u00e9 mohou b\u00fdt pro na\u0161ince atraktivn\u00ed. St\u011bhovac\u00ed firma se n\u00e1m o v\u0161echno postar\u00e1 a n\u00e1m z\u016fstane u\u017e jenom jedin\u00fd \u00fakol \u2013 nast\u011bhovat se do nov\u00e9ho domova.                                                                                                                                                                                                                                                                                                                                                                                          4\/5 - (1 vote)        "},{"@context":"https:\/\/schema.org\/","@type":"BreadcrumbList","itemListElement":[{"@type":"ListItem","position":1,"name":"Dnes je n\u00e1m sv\u011bt otev\u0159en\u00fd","item":"https:\/\/www.nyon.cz\/dnes-je-nam-svet-otevreny\/#breadcrumbitem"}]}]